{"id":9320,"date":"2022-09-23T15:04:08","date_gmt":"2022-09-23T13:04:08","guid":{"rendered":"https:\/\/www.medireva.nl\/vertel-online\/?post_type=cpt-articles&#038;p=9320"},"modified":"2022-09-27T15:29:03","modified_gmt":"2022-09-27T13:29:03","slug":"dillen","status":"publish","type":"cpt-articles","link":"https:\/\/www.medireva.nl\/vertel-online\/dillen\/","title":{"rendered":"Hoe stadsfotograaf Dillen zijn passie inzet tegen zijn chronische pijn."},"content":{"rendered":"\n<section class=\"block b-editor narrow b-editor-intro text-left pt-2 pb-2\">\n    <div class=\"container\">\n        <div class=\" text-left\">\n            \n                            <p>Struinend door de straten van Groningen, op zoek naar mooie plaatjes. Het is dagelijkse kost voor stadsfotograaf Dillen van der Molen (38). Dat Dillen daarbij slechtziend is, laat hij geen beperking zijn. Sterker nog: het geeft een speciaal effect aan zijn werk!<\/p>\n                    <\/div>\n    <\/div>\n<\/section>\n\n\n\n<section class=\"block b-editor narrow  text-left pt-2 pb-2\">\n    <div class=\"container\">\n        <div class=\" text-left\">\n            \n                            <p>\u201cWat voor foto\u2019s ik maak, hangt af van mijn energie. Soms heb ik iets in mijn hoofd en dan gooit mijn lichaam roet in het eten. Dat weet ik: ok\u00e9, vandaag moet ik niet te lang op pad gaan. Daarbij speelt ook mijn stemming een rol, dat be\u00efnvloedt echt mijn werk. In slechtere periodes waarin ik veel pijn heb, neig ik doorgaans meer naar zwart-witbeelden. Je zou dus kunnen stellen dat mijn werk een reflectie is van mezelf en mijn gezondheid. Wat me vooral aanspreekt, is het hele creatieve proces. Iets cre\u00ebren, je gevoel laten spreken. Maar ook: mensen meenemen in mijn wereld. Ik ben slechtziend en zie alles heel zanderig, met een soort waasje eroverheen. Die zandstructuur plaats ik dan ook op foto\u2019s. Zo krijg je een beetje een idee van hoe ik de wereld zie.\u201d<\/p>\n                    <\/div>\n    <\/div>\n<\/section>\n\n\n\n<section class=\"block b-quote narrow pt-3 pt-md-4 pt-lg-5 pb-3 pb-md-4 pb-lg-5\">\n    <div class=\"container\">\n        <div class=\"row justify-content-center\">\n            <div class=\"col-lg-10\">\n                                    <p class=\"pb-3\">\u201cAls ik op pad ga, neem ik naast mijn cameraspullen ook altijd pijnmedicatie mee\u201d<\/p>\n                                                            <\/div>\n        <\/div>\n    <\/div>\n<\/section>\n\n\n\n<section class=\"block b-editor narrow  text-left pt-2 pb-2\">\n    <div class=\"container\">\n        <div class=\" text-left\">\n                            <h2>Altijd pijnmedicatie op zak<\/h2>\n            \n                            <p>\u201cOorspronkelijk kom ik uit Ethiopi\u00eb. Toen ik twee jaar was, ben ik geadopteerd door een Nederlands gezin. Op mijn derde werd staar bij me ontdekt, waarschijnlijk een gevolg van de ondervoeding waar ik als baby mee te maken had. Ik ben daarvoor meerdere malen aan mijn ogen geopereerd. Waar ik vroeger mijn zicht zou omschrijven als dichte mist, is het nu heel vaag en onscherp. Met mijn ene oog zie ik 45 procent en het andere 45 procent. Sinds een jaar heb ik een bril voor verweg, dat maakt dat mijn ogen op 50 en 70 procent zitten.<\/p>\n<p>Maar fotograferen werkt niet met een veraf-bril, dus dan doe ik \u2018m af. Naast mijn visuele beperking heb ik ook last van chronische bekkenspierproblematiek. Ook worstel ik vaak met ernstige obstipatie \u00e9n doet \u00e9\u00e9n nier het niet. Verder heb ik veel psychosomatische klachten en chronische zenuwpijn door mijn hele lichaam. Als ik de stad inga om te fotograferen, neem ik naast mijn cameraspullen dan ook altijd pijnmedicatie mee.\u201d<\/p>\n                    <\/div>\n    <\/div>\n<\/section>\n\n\n\n<section class=\"block b-quote narrow pt-3 pt-md-4 pt-lg-5 pb-3 pb-md-4 pb-lg-5\">\n    <div class=\"container\">\n        <div class=\"row justify-content-center\">\n            <div class=\"col-lg-10\">\n                                    <p class=\"pb-3\">\u201cFotografie geeft me ontspanning, rust en plezier. En zeker ook structuur en zingeving\u201d<\/p>\n                                                            <\/div>\n        <\/div>\n    <\/div>\n<\/section>\n\n\n\n<section class=\"block b-editor narrow  text-left pt-2 pb-2\">\n    <div class=\"container\">\n        <div class=\" text-left\">\n                            <h2>Afgekeurd maar niet afgeschreven<\/h2>\n            \n                            <p>\u201cDoor mijn gezondheidsproblemen ben ik in 2015 volledig arbeidsongeschikt verklaard. Om toch iets om handen te hebben, heb ik me toen op fotografie gestort. Via via kwam ik in aanraking met straatfotograaf Joram Krol die net als ik uit Groningen komt. Hij heeft me de fijne kneepjes van het vak geleerd. Ook kwam ik in aanraking met de eigenaar van een fotowinkel hier in de buurt, die vaak zijn foto&#8217;s met me doorneemt en feedback geeft. Zo ben ik in de loop der tijd beetje bij beetje beter geworden. Inmiddels trek ik er iedere dag op uit om in en rondom de stad Groningen foto\u2019s te maken. Ik fotografeer altijd binnen een straal van een kilometer rondom mijn huis, dat is qua pijn en mijn klachten haalbaar. Beperkend is dat niet, er is genoeg te zien in de stad. Plus het is ook de kunst om nieuwe dingen te blijven zien. Mijn mooiste beelden plaats ik op <a href=\"https:\/\/www.instagram.com\/mrofcolorsphotography\/\" target=\"_blank\" rel=\"noopener\">Instagram<\/a>. Dat begon met een paar volgers en mensen die ik kende, inmiddels staat de teller op ruim tweeduizend. Dat mijn werk nu steeds meer wordt opgepikt door anderen, is echt te gek. En niet alleen online. Een tijd terug heb ik een expositie mogen doen in de wachtruimte van de polikliniek oogheelkunde in het UMCG. En binnenkort mag ik het interieur van een nieuw hotel fotograferen. Dat zijn natuurlijk heel toffe dingen!\u201d<\/p>\n<p>&nbsp;<\/p>\n                    <\/div>\n    <\/div>\n<\/section>\n\n\n\n<section class=\"block b-editor narrow  text-left pt-2 pb-2\">\n    <div class=\"container\">\n        <div class=\" text-left\">\n                            <h2>Geniet van wat w\u00e9l kan<\/h2>\n            \n                            <p>\u201cIn de toekomst zou ik graag nog eens een eigen fotoboek maken, over chronische zieke mensen en die dan heel krachtig uitbeelden. Dat lijkt me echt te gek. Maar bovenal hoop ik nog heel veel mooie beelden te kunnen maken en te blijven genieten van wat ik doe. Want fotografie geeft me zo ontzettend veel. Afleiding, ontspanning en plezier. En zeker ook structuur en zingeving. Door elke dag de stad in te gaan om foto\u2019s te maken, blijf je ook in contact met de wereld om je heen. Want op straat knopen mensen al snel een praatje met je aan. Ja, fotografie maakt echt alles lichter voor me. Ik hoef ook niet gemotiveerd worden om naar buiten te gaan voor een fotowandeling. Want naast dat ik het heel leuk vind, is het ook omdat ik w\u00e9\u00e9t: bewegen is goed voor mijn gezondheid. Brengt mijn buik bijvoorbeeld meer tot rust, leidt af van de pijn. Wat dat betreft heb ik een ijzeren discipline. Daarbij loert ook wel weer het gevaar; ik moet waken dat ik niet te snel over mijn grenzen heen ga. <em>Less is more<\/em>, heeft ervaring me wel geleerd. En voor de rest houd ik mezelf altijd voor: [curs] count your blessings [curs]. Geniet van wat nog w\u00e9l kan. Kijk naar het licht en focus op de kleine dingen. Dan blijf je ook vaker het licht zien.\u201d<\/p>\n                    <\/div>\n    <\/div>\n<\/section>\n\n\n\n<section class=\"block b-quote narrow pt-3 pt-md-4 pt-lg-5 pb-3 pb-md-4 pb-lg-5\">\n    <div class=\"container\">\n        <div class=\"row justify-content-center\">\n            <div class=\"col-lg-10\">\n                                    <p class=\"pb-3\">\u201cKijk naar het licht en focus op de kleine dingen. Door dat te doen, blijf je ook vaker dat licht zien\u201d<\/p>\n                                                            <\/div>\n        <\/div>\n    <\/div>\n<\/section>\n\n\n\n<section class=\"block b-editor narrow  text-left pt-2 pb-2\">\n    <div class=\"container\">\n        <div class=\" text-left\">\n            \n                            <p>Meer lezen over chronische pijn? Lees hier het verhaal van <a href=\"https:\/\/www.medireva.nl\/vertel-online\/michelle\">Michelle<\/a> en hoe <a href=\"https:\/\/www.medireva.nl\/vertel-online\/yvonne-chronische-pijn\/\">Yvonne<\/a> daarmee omgaat.<\/p>\n                    <\/div>\n    <\/div>\n<\/section>\n\n\n\n<section class=\"block b-gallery pt-3 pt-md-4 pt-lg-5 pb-3 pb-md-4 pb-lg-5\">\n    <div class=\"container\">\n        \n        <div class=\"row mt-2 mt-lg-4\">\n                            <div class=\"col-md-4 mb-2 mb-lg-4\">\n                    <a href=\"https:\/\/www.medireva.nl:443\/vertel-online\/content\/uploads\/2022\/09\/Medireva_platform_fotograafDilllen_werk2.jpg\" class=\"b-gallery__item venobox\" data-gall=\"venobox\">\n                        <img decoding=\"async\" width=\"800\" height=\"450\" src=\"https:\/\/www.medireva.nl:443\/vertel-online\/content\/uploads\/2022\/09\/Medireva_platform_fotograafDilllen_werk2-800x450.jpg\" class=\"img-fluid\" alt=\"\" title=\"Medireva_platform_fotograafDilllen_werk2\" srcset=\"https:\/\/www.medireva.nl:443\/vertel-online\/content\/uploads\/2022\/09\/Medireva_platform_fotograafDilllen_werk2-800x450.jpg 800w, https:\/\/www.medireva.nl:443\/vertel-online\/content\/uploads\/2022\/09\/Medireva_platform_fotograafDilllen_werk2-1600x900.jpg 1600w, https:\/\/www.medireva.nl:443\/vertel-online\/content\/uploads\/2022\/09\/Medireva_platform_fotograafDilllen_werk2-400x225.jpg 400w\" sizes=\"(max-width: 800px) 100vw, 800px\" \/>\n                                            <\/a>\n                <\/div>\n                            <div class=\"col-md-4 mb-2 mb-lg-4\">\n                    <a href=\"https:\/\/www.medireva.nl:443\/vertel-online\/content\/uploads\/2022\/09\/Medireva_platform_fotograafDilllen_werk3.jpg\" class=\"b-gallery__item venobox\" data-gall=\"venobox\">\n                        <img decoding=\"async\" width=\"800\" height=\"450\" src=\"https:\/\/www.medireva.nl:443\/vertel-online\/content\/uploads\/2022\/09\/Medireva_platform_fotograafDilllen_werk3-800x450.jpg\" class=\"img-fluid\" alt=\"\" title=\"Medireva_platform_fotograafDilllen_werk3\" srcset=\"https:\/\/www.medireva.nl:443\/vertel-online\/content\/uploads\/2022\/09\/Medireva_platform_fotograafDilllen_werk3-800x450.jpg 800w, https:\/\/www.medireva.nl:443\/vertel-online\/content\/uploads\/2022\/09\/Medireva_platform_fotograafDilllen_werk3-1600x900.jpg 1600w, https:\/\/www.medireva.nl:443\/vertel-online\/content\/uploads\/2022\/09\/Medireva_platform_fotograafDilllen_werk3-400x225.jpg 400w\" sizes=\"(max-width: 800px) 100vw, 800px\" \/>\n                                            <\/a>\n                <\/div>\n                    <\/div>\n    <\/div>\n<\/section>\n","protected":false},"excerpt":{"rendered":"","protected":false},"featured_media":9323,"template":"","tax-articles-category":[36],"tax-articles-tag":[],"class_list":["post-9320","cpt-articles","type-cpt-articles","status-publish","has-post-thumbnail","hentry","tax-articles-category-lifestyle"],"acf":[],"yoast_head":"<!-- This site is optimized with the Yoast SEO plugin v27.4 - https:\/\/yoast.com\/product\/yoast-seo-wordpress\/ -->\n<title>Omgaan met chronische pijn<\/title>\n<meta name=\"description\" content=\"Stadsfotograaf Dillen van der Molen vind je iedere dag in de stad Groningen om de mooiste foto\u2019s te maken. Zijn grote passie, maar ook een goede manier om met zijn chronische pijn, buikklachten en andere gezondheidsproblemen om te gaan.\" \/>\n<meta name=\"robots\" content=\"index, follow, max-snippet:-1, max-image-preview:large, max-video-preview:-1\" \/>\n<link rel=\"canonical\" href=\"https:\/\/www.medireva.nl\/vertel-online\/dillen\/\" \/>\n<meta property=\"og:locale\" content=\"en_US\" \/>\n<meta property=\"og:type\" content=\"article\" \/>\n<meta property=\"og:title\" content=\"Omgaan met chronische pijn\" \/>\n<meta property=\"og:description\" content=\"Stadsfotograaf Dillen van der Molen vind je iedere dag in de stad Groningen om de mooiste foto\u2019s te maken. Zijn grote passie, maar ook een goede manier om met zijn chronische pijn, buikklachten en andere gezondheidsproblemen om te gaan.\" \/>\n<meta property=\"og:url\" content=\"https:\/\/www.medireva.nl\/vertel-online\/dillen\/\" \/>\n<meta property=\"og:site_name\" content=\"MediReva Vertel\" \/>\n<meta property=\"article:modified_time\" content=\"2022-09-27T13:29:03+00:00\" \/>\n<meta property=\"og:image\" content=\"https:\/\/www.medireva.nl:443\/vertel-online\/content\/uploads\/2022\/09\/MediReva_platform_header_dillenvandermolen-fotograaf.jpg\" \/>\n\t<meta property=\"og:image:width\" content=\"2560\" \/>\n\t<meta property=\"og:image:height\" content=\"1111\" \/>\n\t<meta property=\"og:image:type\" content=\"image\/jpeg\" \/>\n<meta name=\"twitter:card\" content=\"summary_large_image\" \/>\n<script type=\"application\/ld+json\" class=\"yoast-schema-graph\">{\"@context\":\"https:\\\/\\\/schema.org\",\"@graph\":[{\"@type\":\"WebPage\",\"@id\":\"https:\\\/\\\/www.medireva.nl\\\/vertel-online\\\/dillen\\\/\",\"url\":\"https:\\\/\\\/www.medireva.nl\\\/vertel-online\\\/dillen\\\/\",\"name\":\"Omgaan met chronische pijn\",\"isPartOf\":{\"@id\":\"https:\\\/\\\/www.medireva.nl\\\/vertel-online\\\/#website\"},\"primaryImageOfPage\":{\"@id\":\"https:\\\/\\\/www.medireva.nl\\\/vertel-online\\\/dillen\\\/#primaryimage\"},\"image\":{\"@id\":\"https:\\\/\\\/www.medireva.nl\\\/vertel-online\\\/dillen\\\/#primaryimage\"},\"thumbnailUrl\":\"https:\\\/\\\/www.medireva.nl:443\\\/vertel-online\\\/content\\\/uploads\\\/2022\\\/09\\\/MediReva_platform_header_dillenvandermolen-fotograaf.jpg\",\"datePublished\":\"2022-09-23T13:04:08+00:00\",\"dateModified\":\"2022-09-27T13:29:03+00:00\",\"description\":\"Stadsfotograaf Dillen van der Molen vind je iedere dag in de stad Groningen om de mooiste foto\u2019s te maken. Zijn grote passie, maar ook een goede manier om met zijn chronische pijn, buikklachten en andere gezondheidsproblemen om te gaan.\",\"breadcrumb\":{\"@id\":\"https:\\\/\\\/www.medireva.nl\\\/vertel-online\\\/dillen\\\/#breadcrumb\"},\"inLanguage\":\"en-US\",\"potentialAction\":[{\"@type\":\"ReadAction\",\"target\":[\"https:\\\/\\\/www.medireva.nl\\\/vertel-online\\\/dillen\\\/\"]}]},{\"@type\":\"ImageObject\",\"inLanguage\":\"en-US\",\"@id\":\"https:\\\/\\\/www.medireva.nl\\\/vertel-online\\\/dillen\\\/#primaryimage\",\"url\":\"https:\\\/\\\/www.medireva.nl:443\\\/vertel-online\\\/content\\\/uploads\\\/2022\\\/09\\\/MediReva_platform_header_dillenvandermolen-fotograaf.jpg\",\"contentUrl\":\"https:\\\/\\\/www.medireva.nl:443\\\/vertel-online\\\/content\\\/uploads\\\/2022\\\/09\\\/MediReva_platform_header_dillenvandermolen-fotograaf.jpg\",\"width\":2560,\"height\":1111},{\"@type\":\"BreadcrumbList\",\"@id\":\"https:\\\/\\\/www.medireva.nl\\\/vertel-online\\\/dillen\\\/#breadcrumb\",\"itemListElement\":[{\"@type\":\"ListItem\",\"position\":1,\"name\":\"Home\",\"item\":\"https:\\\/\\\/www.medireva.nl\\\/vertel-online\\\/\"},{\"@type\":\"ListItem\",\"position\":2,\"name\":\"Artikelen\",\"item\":\"https:\\\/\\\/www.medireva.nl\\\/vertel-online\\\/cpt-articles\\\/\"},{\"@type\":\"ListItem\",\"position\":3,\"name\":\"Hoe stadsfotograaf Dillen zijn passie inzet tegen zijn chronische pijn.\"}]},{\"@type\":\"WebSite\",\"@id\":\"https:\\\/\\\/www.medireva.nl\\\/vertel-online\\\/#website\",\"url\":\"https:\\\/\\\/www.medireva.nl\\\/vertel-online\\\/\",\"name\":\"MediReva Vertel\",\"description\":\"\",\"potentialAction\":[{\"@type\":\"SearchAction\",\"target\":{\"@type\":\"EntryPoint\",\"urlTemplate\":\"https:\\\/\\\/www.medireva.nl\\\/vertel-online\\\/?s={search_term_string}\"},\"query-input\":{\"@type\":\"PropertyValueSpecification\",\"valueRequired\":true,\"valueName\":\"search_term_string\"}}],\"inLanguage\":\"en-US\"}]}<\/script>\n<!-- \/ Yoast SEO plugin. -->","yoast_head_json":{"title":"Omgaan met chronische pijn","description":"Stadsfotograaf Dillen van der Molen vind je iedere dag in de stad Groningen om de mooiste foto\u2019s te maken. Zijn grote passie, maar ook een goede manier om met zijn chronische pijn, buikklachten en andere gezondheidsproblemen om te gaan.","robots":{"index":"index","follow":"follow","max-snippet":"max-snippet:-1","max-image-preview":"max-image-preview:large","max-video-preview":"max-video-preview:-1"},"canonical":"https:\/\/www.medireva.nl\/vertel-online\/dillen\/","og_locale":"en_US","og_type":"article","og_title":"Omgaan met chronische pijn","og_description":"Stadsfotograaf Dillen van der Molen vind je iedere dag in de stad Groningen om de mooiste foto\u2019s te maken. Zijn grote passie, maar ook een goede manier om met zijn chronische pijn, buikklachten en andere gezondheidsproblemen om te gaan.","og_url":"https:\/\/www.medireva.nl\/vertel-online\/dillen\/","og_site_name":"MediReva Vertel","article_modified_time":"2022-09-27T13:29:03+00:00","og_image":[{"width":2560,"height":1111,"url":"https:\/\/www.medireva.nl:443\/vertel-online\/content\/uploads\/2022\/09\/MediReva_platform_header_dillenvandermolen-fotograaf.jpg","type":"image\/jpeg"}],"twitter_card":"summary_large_image","schema":{"@context":"https:\/\/schema.org","@graph":[{"@type":"WebPage","@id":"https:\/\/www.medireva.nl\/vertel-online\/dillen\/","url":"https:\/\/www.medireva.nl\/vertel-online\/dillen\/","name":"Omgaan met chronische pijn","isPartOf":{"@id":"https:\/\/www.medireva.nl\/vertel-online\/#website"},"primaryImageOfPage":{"@id":"https:\/\/www.medireva.nl\/vertel-online\/dillen\/#primaryimage"},"image":{"@id":"https:\/\/www.medireva.nl\/vertel-online\/dillen\/#primaryimage"},"thumbnailUrl":"https:\/\/www.medireva.nl:443\/vertel-online\/content\/uploads\/2022\/09\/MediReva_platform_header_dillenvandermolen-fotograaf.jpg","datePublished":"2022-09-23T13:04:08+00:00","dateModified":"2022-09-27T13:29:03+00:00","description":"Stadsfotograaf Dillen van der Molen vind je iedere dag in de stad Groningen om de mooiste foto\u2019s te maken. Zijn grote passie, maar ook een goede manier om met zijn chronische pijn, buikklachten en andere gezondheidsproblemen om te gaan.","breadcrumb":{"@id":"https:\/\/www.medireva.nl\/vertel-online\/dillen\/#breadcrumb"},"inLanguage":"en-US","potentialAction":[{"@type":"ReadAction","target":["https:\/\/www.medireva.nl\/vertel-online\/dillen\/"]}]},{"@type":"ImageObject","inLanguage":"en-US","@id":"https:\/\/www.medireva.nl\/vertel-online\/dillen\/#primaryimage","url":"https:\/\/www.medireva.nl:443\/vertel-online\/content\/uploads\/2022\/09\/MediReva_platform_header_dillenvandermolen-fotograaf.jpg","contentUrl":"https:\/\/www.medireva.nl:443\/vertel-online\/content\/uploads\/2022\/09\/MediReva_platform_header_dillenvandermolen-fotograaf.jpg","width":2560,"height":1111},{"@type":"BreadcrumbList","@id":"https:\/\/www.medireva.nl\/vertel-online\/dillen\/#breadcrumb","itemListElement":[{"@type":"ListItem","position":1,"name":"Home","item":"https:\/\/www.medireva.nl\/vertel-online\/"},{"@type":"ListItem","position":2,"name":"Artikelen","item":"https:\/\/www.medireva.nl\/vertel-online\/cpt-articles\/"},{"@type":"ListItem","position":3,"name":"Hoe stadsfotograaf Dillen zijn passie inzet tegen zijn chronische pijn."}]},{"@type":"WebSite","@id":"https:\/\/www.medireva.nl\/vertel-online\/#website","url":"https:\/\/www.medireva.nl\/vertel-online\/","name":"MediReva Vertel","description":"","potentialAction":[{"@type":"SearchAction","target":{"@type":"EntryPoint","urlTemplate":"https:\/\/www.medireva.nl\/vertel-online\/?s={search_term_string}"},"query-input":{"@type":"PropertyValueSpecification","valueRequired":true,"valueName":"search_term_string"}}],"inLanguage":"en-US"}]}},"lang":"nl","translations":{"nl":9320},"pll_sync_post":[],"_links":{"self":[{"href":"https:\/\/www.medireva.nl\/vertel-online\/wp-json\/wp\/v2\/cpt-articles\/9320","targetHints":{"allow":["GET"]}}],"collection":[{"href":"https:\/\/www.medireva.nl\/vertel-online\/wp-json\/wp\/v2\/cpt-articles"}],"about":[{"href":"https:\/\/www.medireva.nl\/vertel-online\/wp-json\/wp\/v2\/types\/cpt-articles"}],"version-history":[{"count":9,"href":"https:\/\/www.medireva.nl\/vertel-online\/wp-json\/wp\/v2\/cpt-articles\/9320\/revisions"}],"predecessor-version":[{"id":9391,"href":"https:\/\/www.medireva.nl\/vertel-online\/wp-json\/wp\/v2\/cpt-articles\/9320\/revisions\/9391"}],"wp:featuredmedia":[{"embeddable":true,"href":"https:\/\/www.medireva.nl\/vertel-online\/wp-json\/wp\/v2\/media\/9323"}],"wp:attachment":[{"href":"https:\/\/www.medireva.nl\/vertel-online\/wp-json\/wp\/v2\/media?parent=9320"}],"wp:term":[{"taxonomy":"tax-articles-category","embeddable":true,"href":"https:\/\/www.medireva.nl\/vertel-online\/wp-json\/wp\/v2\/tax-articles-category?post=9320"},{"taxonomy":"tax-articles-tag","embeddable":true,"href":"https:\/\/www.medireva.nl\/vertel-online\/wp-json\/wp\/v2\/tax-articles-tag?post=9320"}],"curies":[{"name":"wp","href":"https:\/\/api.w.org\/{rel}","templated":true}]}}